{"id":3368,"date":"2026-05-01T13:30:00","date_gmt":"2026-05-01T19:30:00","guid":{"rendered":"https:\/\/elrocanrosaurio.com\/notas\/?p=3368"},"modified":"2026-05-01T17:16:42","modified_gmt":"2026-05-01T23:16:42","slug":"patti-smith-gana","status":"publish","type":"post","link":"https:\/\/elrocanrosaurio.com\/notas\/patti-smith-gana","title":{"rendered":"Patti Smith Gana El Premio Princesa De Asturias De Las Artes 2026"},"content":{"rendered":"\n<h2 class=\"wp-block-heading\">Un reconocimiento que no responde a una sola disciplina<\/h2>\n\n\n\n<p>El 29 de abril de 2026, la Fundaci\u00f3n Princesa de Asturias anunci\u00f3 que <strong>Patti Smith<\/strong> es la ganadora del Premio Princesa de Asturias de las Artes, uno de los reconocimientos culturales m\u00e1s relevantes del \u00e1mbito hispanohablante. La elecci\u00f3n no fue menor: el jurado la seleccion\u00f3 entre 55 candidaturas provenientes de 30 nacionalidades, en una deliberaci\u00f3n que, como suele ocurrir en este premio, privilegia trayectorias antes que momentos aislados.<\/p>\n\n\n\n<p>La ceremonia de entrega se celebrar\u00e1 el 23 de octubre en Oviedo, en un contexto donde este galard\u00f3n funciona no s\u00f3lo como reconocimiento, sino como declaraci\u00f3n cultural. No se premia una obra espec\u00edfica, sino una manera de construirla.<\/p>\n\n\n\n<p>Y en el caso de Patti Smith, eso implica asumir que su trabajo nunca ha pertenecido a una sola categor\u00eda.<\/p>\n\n\n\n<figure class=\"wp-block-image size-full\"><img loading=\"lazy\" decoding=\"async\" width=\"1000\" height=\"600\" src=\"https:\/\/elrocanrosaurio.com\/notas\/wp-content\/uploads\/2026\/05\/02.jpg\" alt=\"\" class=\"wp-image-3369\" srcset=\"https:\/\/elrocanrosaurio.com\/notas\/wp-content\/uploads\/2026\/05\/02.jpg 1000w, https:\/\/elrocanrosaurio.com\/notas\/wp-content\/uploads\/2026\/05\/02-300x180.jpg 300w, https:\/\/elrocanrosaurio.com\/notas\/wp-content\/uploads\/2026\/05\/02-768x461.jpg 768w\" sizes=\"auto, (max-width: 1000px) 100vw, 1000px\" \/><\/figure>\n\n\n\n<h2 class=\"wp-block-heading\">De Chicago a Nueva York: el origen de una voz<\/h2>\n\n\n\n<p>Nacida en 1946 en Chicago y criada en Nueva Jersey, Patti Smith lleg\u00f3 a Nueva York en 1967 sin una carrera definida, pero con una intenci\u00f3n clara: escribir. Antes de consolidarse como figura musical, su trabajo se desarroll\u00f3 en el terreno de la poes\u00eda y el periodismo, con colaboraciones en medios como The Village Voice y proyectos esc\u00e9nicos junto al dramaturgo <strong>Sam Shepard<\/strong>.<\/p>\n\n\n\n<p>Ese contexto es clave para entender lo que vendr\u00eda despu\u00e9s. La m\u00fasica no fue un punto de partida, sino una extensi\u00f3n natural de una voz que ya exist\u00eda en la escritura. Cuando finalmente apareci\u00f3 en el circuito musical, no lo hizo como cantante tradicional, sino como una figura h\u00edbrida que desdibujaba las fronteras entre disciplinas.<\/p>\n\n\n\n<h2 class=\"wp-block-heading\">Horses y la reconfiguraci\u00f3n del lenguaje del rock<\/h2>\n\n\n\n<p>El punto de quiebre lleg\u00f3 en 1975 con <em>Horses<\/em>, un \u00e1lbum que no s\u00f3lo consolid\u00f3 al <strong>Patti Smith Group<\/strong>, sino que redefini\u00f3 el papel de una mujer en el rock. La combinaci\u00f3n de poes\u00eda hablada con estructuras de punk rock no era un experimento aislado; era una declaraci\u00f3n est\u00e9tica que conectaba la tradici\u00f3n literaria con la urgencia sonora de la \u00e9poca.<\/p>\n\n\n\n<p>Ese mismo impulso se extendi\u00f3 en 1978 con <em>Easter<\/em>, donde apareci\u00f3 \u201cBecause the Night\u201d, coescrita con <strong>Bruce Springsteen<\/strong>. La canci\u00f3n, m\u00e1s accesible en t\u00e9rminos formales, no contradijo su identidad, sino que la amplific\u00f3 hacia un p\u00fablico m\u00e1s amplio.<\/p>\n\n\n\n<p>Para entonces, Patti Smith ya no era una promesa. Era una figura central en la transformaci\u00f3n del rock como lenguaje.<\/p>\n\n\n\n<h2 class=\"wp-block-heading\">Silencio, p\u00e9rdida y regreso<\/h2>\n\n\n\n<p>Durante los a\u00f1os ochenta, Smith se alej\u00f3 casi por completo de la m\u00fasica para centrarse en su vida personal. Ese retiro no fue una pausa estrat\u00e9gica, sino una decisi\u00f3n que respond\u00eda a otra etapa de su vida. Sin embargo, el regreso en 1995 estuvo marcado por circunstancias m\u00e1s complejas.<\/p>\n\n\n\n<p>Tras la muerte de su esposo, Fred \u201cSonic\u201d Smith, y de su hermano en un mismo a\u00f1o, retom\u00f3 los escenarios en una gira junto a <strong>Bob Dylan<\/strong>. Ese regreso no fue un intento de recuperar un lugar perdido, sino una continuaci\u00f3n desde otro punto emocional.<\/p>\n\n\n\n<p>Desde entonces, su presencia en la m\u00fasica y la cultura no ha sido intermitente.<\/p>\n\n\n\n<p>Ha sido constante.<\/p>\n\n\n\n<h2 class=\"wp-block-heading\">Reconocimientos que acompa\u00f1an, no definen<\/h2>\n\n\n\n<p>A lo largo de su carrera, Patti Smith ha acumulado distinciones que abarcan distintos campos: fue inducida al Sal\u00f3n de la Fama del Rock and Roll en 2007, <em>Horses<\/em> ingres\u00f3 al Grammy Hall of Fame en 2021, y su obra literaria le vali\u00f3 el National Book Award. A esto se suman reconocimientos institucionales como la Orden de las Artes y las Letras de Francia y la Legi\u00f3n de Honor.<\/p>\n\n\n\n<p>Sin embargo, ninguno de estos premios explica por s\u00ed solo su relevancia.<\/p>\n\n\n\n<p>El Premio Princesa de Asturias de las Artes 2026 parece entenderlo mejor que muchos. En su dictamen, el jurado defini\u00f3 su trayectoria como una \u201cimpetuosa creatividad que conecta el rock, la poes\u00eda simbolista y el esp\u00edritu de la contracultura con una gran potencia expresiva\u201d.<\/p>\n\n\n\n<p>No es una descripci\u00f3n ligera.<\/p>\n\n\n\n<p>Es una s\u00edntesis precisa.<\/p>\n\n\n\n<h2 class=\"wp-block-heading\">Una carrera que no necesitaba validaci\u00f3n<\/h2>\n\n\n\n<p>A los 79 a\u00f1os, Patti Smith recibe un reconocimiento que llega despu\u00e9s de d\u00e9cadas de trabajo sostenido. No es un punto de partida ni un intento de revaloraci\u00f3n tard\u00eda. Es, en todo caso, una confirmaci\u00f3n institucional de algo que ya estaba establecido.<\/p>\n\n\n\n<p>Su obra nunca dependi\u00f3 de premios para sostenerse.<\/p>\n\n\n\n<p>Pero cuando el reconocimiento proviene de una instancia con este peso simb\u00f3lico, se convierte en un dato relevante dentro de una historia que sigue en construcci\u00f3n.<\/p>\n\n\n\n<h2 class=\"wp-block-heading\">Cierre editorial<\/h2>\n\n\n\n<p>Hay artistas que encajan en categor\u00edas. Patti Smith siempre ha trabajado en romperlas.<\/p>\n\n\n\n<p>Y quiz\u00e1 por eso, cuando finalmente la premian, no queda claro si est\u00e1n reconociendo su obra\u2026 o todo lo que hizo para que esa obra no tuviera l\u00edmites.<\/p>\n\n\n\n<figure class=\"wp-block-image size-full\"><img loading=\"lazy\" decoding=\"async\" width=\"1000\" height=\"600\" src=\"https:\/\/elrocanrosaurio.com\/notas\/wp-content\/uploads\/2026\/05\/03.jpg\" alt=\"\" class=\"wp-image-3370\" srcset=\"https:\/\/elrocanrosaurio.com\/notas\/wp-content\/uploads\/2026\/05\/03.jpg 1000w, https:\/\/elrocanrosaurio.com\/notas\/wp-content\/uploads\/2026\/05\/03-300x180.jpg 300w, https:\/\/elrocanrosaurio.com\/notas\/wp-content\/uploads\/2026\/05\/03-768x461.jpg 768w\" sizes=\"auto, (max-width: 1000px) 100vw, 1000px\" \/><\/figure>\n\n\n\n<h1 class=\"wp-block-heading has-small-font-size\">Fuentes<\/h1>\n\n\n\n<p class=\"has-small-font-size\"><strong>Patti Smith gana el Premio Princesa de Asturias de las Artes 2026 <a href=\"https:\/\/www.fpa.es\/es\/princesa-de-asturias-de-las-artes-2026-patti-smith.html\">(Fundaci\u00f3n Princesa de Asturias)<\/a><\/strong><\/p>\n\n\n\n<p class=\"has-small-font-size\"><strong>Patti Smith, Premio Princesa de Asturias de las Artes 2026 <a href=\"https:\/\/elpais.com\/cultura\/2026-04-29\/patti-smith-premio-princesa-de-asturias-de-las-artes-2026.html\">(El Pa\u00eds)<\/a><\/strong><\/p>\n\n\n\n<p class=\"has-small-font-size\"><strong>Patti Smith wins Princess of Asturias Award for the Arts <a href=\"https:\/\/www.theguardian.com\/music\/2026\/apr\/29\/patti-smith-princess-of-asturias-award\">(The Guardian)<\/a><\/strong><\/p>\n\n\n\n<p class=\"has-small-font-size\"><strong>Perfil y trayectoria de Patti Smith <a href=\"https:\/\/www.rollingstone.com\/music\/music-features\/patti-smith-career-overview-123\/\">(Rolling Stone)<\/a><\/strong><\/p>\n\n\n\n<p class=\"has-small-font-size\"><strong>Historia de Patti Smith y Horses <a href=\"https:\/\/www.bbc.com\/culture\/article\/patti-smith-horses-impact\">(BBC Culture)<\/a><\/strong><\/p>\n","protected":false},"excerpt":{"rendered":"<p>Patti Smith fue galardonada con el Premio Princesa de Asturias de las Artes 2026, reconociendo una trayectoria que fusiona rock, poes\u00eda y contracultura durante m\u00e1s de cinco d\u00e9cadas.<\/p>\n","protected":false},"author":3,"featured_media":3371,"comment_status":"closed","ping_status":"closed","sticky":false,"template":"","format":"standard","meta":{"footnotes":""},"categories":[3],"tags":[824,2172,192,3124,3125,3123,3121,3122],"class_list":["post-3368","post","type-post","status-publish","format-standard","has-post-thumbnail","hentry","category-noticias","tag-bruce-springsteen","tag-contracultura","tag-historia-del-rock","tag-horses","tag-mujeres-en-el-rock","tag-patti-smith","tag-premio-princesa-de-asturias","tag-rock-y-poesia"],"_links":{"self":[{"href":"https:\/\/elrocanrosaurio.com\/notas\/wp-json\/wp\/v2\/posts\/3368","targetHints":{"allow":["GET"]}}],"collection":[{"href":"https:\/\/elrocanrosaurio.com\/notas\/wp-json\/wp\/v2\/posts"}],"about":[{"href":"https:\/\/elrocanrosaurio.com\/notas\/wp-json\/wp\/v2\/types\/post"}],"author":[{"embeddable":true,"href":"https:\/\/elrocanrosaurio.com\/notas\/wp-json\/wp\/v2\/users\/3"}],"replies":[{"embeddable":true,"href":"https:\/\/elrocanrosaurio.com\/notas\/wp-json\/wp\/v2\/comments?post=3368"}],"version-history":[{"count":1,"href":"https:\/\/elrocanrosaurio.com\/notas\/wp-json\/wp\/v2\/posts\/3368\/revisions"}],"predecessor-version":[{"id":3372,"href":"https:\/\/elrocanrosaurio.com\/notas\/wp-json\/wp\/v2\/posts\/3368\/revisions\/3372"}],"wp:featuredmedia":[{"embeddable":true,"href":"https:\/\/elrocanrosaurio.com\/notas\/wp-json\/wp\/v2\/media\/3371"}],"wp:attachment":[{"href":"https:\/\/elrocanrosaurio.com\/notas\/wp-json\/wp\/v2\/media?parent=3368"}],"wp:term":[{"taxonomy":"category","embeddable":true,"href":"https:\/\/elrocanrosaurio.com\/notas\/wp-json\/wp\/v2\/categories?post=3368"},{"taxonomy":"post_tag","embeddable":true,"href":"https:\/\/elrocanrosaurio.com\/notas\/wp-json\/wp\/v2\/tags?post=3368"}],"curies":[{"name":"wp","href":"https:\/\/api.w.org\/{rel}","templated":true}]}}