{"id":85,"date":"2024-06-19T19:00:00","date_gmt":"2024-06-20T01:00:00","guid":{"rendered":"https:\/\/elrocanrosaurio.com\/notas\/?p=85"},"modified":"2024-06-20T01:26:38","modified_gmt":"2024-06-20T07:26:38","slug":"recordando-el-inicio-de-la-leyenda-el-festival-de-monterey-de-1967","status":"publish","type":"post","link":"https:\/\/elrocanrosaurio.com\/notas\/recordando-el-inicio-de-la-leyenda-el-festival-de-monterey-de-1967","title":{"rendered":"Recordando el Inicio de la Leyenda: El Festival de Monterey de 1967"},"content":{"rendered":"\n<p>Hoy, 19 de junio, marcamos un hito trascendental en la historia del rock conmemorando el inicio del legendario Festival de Monterey de 1967. Este evento no solo se convirti\u00f3 en un punto de inflexi\u00f3n para la m\u00fasica rock, sino que tambi\u00e9n se erigi\u00f3 como un s\u00edmbolo de la contracultura de los a\u00f1os 60 y la era del verano del amor.<\/p>\n\n\n\n<p>Celebrado en el Fairgrounds de Monterey, California, el festival fue organizado por un grupo de figuras clave del rock, incluyendo a John Phillips de The Mamas &amp; The Papas, el productor Lou Adler, y otros visionarios de la industria musical. El objetivo era crear un evento que no solo presentara m\u00fasica innovadora, sino que tambi\u00e9n fuera un punto de encuentro para la paz, la unidad y la experimentaci\u00f3n art\u00edstica.<\/p>\n\n\n\n<p>El Festival de Monterey atrajo a una impresionante lista de artistas que definir\u00edan la d\u00e9cada venidera. Desde Janis Joplin, quien deslumbr\u00f3 con su potente voz en solitario, hasta The Who, cuya actuaci\u00f3n intensa y destructiva de instrumentos en el escenario se convirti\u00f3 en un acto de culto. Otros destacados incluyeron a The Jimi Hendrix Experience, cuya ic\u00f3nica actuaci\u00f3n electrific\u00f3 a la audiencia con su virtuosismo y su manejo innovador de la guitarra.<\/p>\n\n\n\n<figure class=\"wp-block-image size-full\"><img loading=\"lazy\" decoding=\"async\" width=\"1300\" height=\"866\" src=\"https:\/\/elrocanrosaurio.com\/notas\/wp-content\/uploads\/2024\/06\/monterrey-3.jpg\" alt=\"\" class=\"wp-image-88\" srcset=\"https:\/\/elrocanrosaurio.com\/notas\/wp-content\/uploads\/2024\/06\/monterrey-3.jpg 1300w, https:\/\/elrocanrosaurio.com\/notas\/wp-content\/uploads\/2024\/06\/monterrey-3-300x200.jpg 300w, https:\/\/elrocanrosaurio.com\/notas\/wp-content\/uploads\/2024\/06\/monterrey-3-1024x682.jpg 1024w, https:\/\/elrocanrosaurio.com\/notas\/wp-content\/uploads\/2024\/06\/monterrey-3-768x512.jpg 768w\" sizes=\"auto, (max-width: 1300px) 100vw, 1300px\" \/><\/figure>\n\n\n\n<p>Adem\u00e1s de estas leyendas emergentes, el festival tambi\u00e9n sirvi\u00f3 como plataforma para artistas menos conocidos pero igualmente influyentes, como Otis Redding, quien cautiv\u00f3 al p\u00fablico con su soul ardiente, y Ravi Shankar, cuyo talento con el sitar llev\u00f3 la m\u00fasica india a un nuevo p\u00fablico occidental.<\/p>\n\n\n\n<p>El impacto cultural del Festival de Monterey trascendi\u00f3 las fronteras musicales. Fue un evento pionero en la integraci\u00f3n de diferentes g\u00e9neros musicales y en la promoci\u00f3n de la diversidad cultural en un momento de cambio social. Tambi\u00e9n estableci\u00f3 un precedente para futuros festivales de m\u00fasica, sentando las bases para eventos masivos que celebraban la m\u00fasica en todas sus formas y fomentaban un esp\u00edritu de comunidad y paz.<\/p>\n\n\n\n<p>En el 19 de junio de 1967, el mundo presenci\u00f3 no solo un festival de m\u00fasica, sino una manifestaci\u00f3n de la capacidad del arte para unir a las personas y trascender las barreras sociales y culturales. El Festival de Monterey de 1967 sigue siendo recordado como un hito en la historia del rock y un momento crucial en la evoluci\u00f3n de la m\u00fasica popular moderna.<\/p>\n\n\n\n<p>En este d\u00eda, rendimos homenaje a todos los artistas, organizadores y asistentes que hicieron posible este evento inolvidable, cuyo legado perdura en la memoria colectiva de los amantes de la m\u00fasica en todo el mundo.<\/p>\n\n\n\n<figure class=\"wp-block-image size-full\"><img loading=\"lazy\" decoding=\"async\" width=\"644\" height=\"425\" src=\"https:\/\/elrocanrosaurio.com\/notas\/wp-content\/uploads\/2024\/06\/monterrey-2-1.jpg\" alt=\"\" class=\"wp-image-89\" srcset=\"https:\/\/elrocanrosaurio.com\/notas\/wp-content\/uploads\/2024\/06\/monterrey-2-1.jpg 644w, https:\/\/elrocanrosaurio.com\/notas\/wp-content\/uploads\/2024\/06\/monterrey-2-1-300x198.jpg 300w\" sizes=\"auto, (max-width: 644px) 100vw, 644px\" \/><\/figure>\n","protected":false},"excerpt":{"rendered":"<p>Hoy, 19 de junio, marcamos un hito trascendental en la historia del rock conmemorando el inicio del legendario Festival de Monterey de 1967.<\/p>\n","protected":false},"author":3,"featured_media":86,"comment_status":"closed","ping_status":"closed","sticky":false,"template":"","format":"standard","meta":{"footnotes":""},"categories":[2],"tags":[],"class_list":["post-85","post","type-post","status-publish","format-standard","has-post-thumbnail","hentry","category-articulos"],"_links":{"self":[{"href":"https:\/\/elrocanrosaurio.com\/notas\/wp-json\/wp\/v2\/posts\/85","targetHints":{"allow":["GET"]}}],"collection":[{"href":"https:\/\/elrocanrosaurio.com\/notas\/wp-json\/wp\/v2\/posts"}],"about":[{"href":"https:\/\/elrocanrosaurio.com\/notas\/wp-json\/wp\/v2\/types\/post"}],"author":[{"embeddable":true,"href":"https:\/\/elrocanrosaurio.com\/notas\/wp-json\/wp\/v2\/users\/3"}],"replies":[{"embeddable":true,"href":"https:\/\/elrocanrosaurio.com\/notas\/wp-json\/wp\/v2\/comments?post=85"}],"version-history":[{"count":1,"href":"https:\/\/elrocanrosaurio.com\/notas\/wp-json\/wp\/v2\/posts\/85\/revisions"}],"predecessor-version":[{"id":90,"href":"https:\/\/elrocanrosaurio.com\/notas\/wp-json\/wp\/v2\/posts\/85\/revisions\/90"}],"wp:featuredmedia":[{"embeddable":true,"href":"https:\/\/elrocanrosaurio.com\/notas\/wp-json\/wp\/v2\/media\/86"}],"wp:attachment":[{"href":"https:\/\/elrocanrosaurio.com\/notas\/wp-json\/wp\/v2\/media?parent=85"}],"wp:term":[{"taxonomy":"category","embeddable":true,"href":"https:\/\/elrocanrosaurio.com\/notas\/wp-json\/wp\/v2\/categories?post=85"},{"taxonomy":"post_tag","embeddable":true,"href":"https:\/\/elrocanrosaurio.com\/notas\/wp-json\/wp\/v2\/tags?post=85"}],"curies":[{"name":"wp","href":"https:\/\/api.w.org\/{rel}","templated":true}]}}