{"id":9,"date":"2024-06-08T07:44:17","date_gmt":"2024-06-08T07:44:17","guid":{"rendered":"https:\/\/elrocanrosaurio.com\/notas\/?p=9"},"modified":"2024-06-08T03:26:56","modified_gmt":"2024-06-08T09:26:56","slug":"el-dia-que-the-wall-de-pink-floyd-resono-en-berlin-aniversario-del-concierto-de-roger-waters","status":"publish","type":"post","link":"https:\/\/elrocanrosaurio.com\/notas\/el-dia-que-the-wall-de-pink-floyd-resono-en-berlin-aniversario-del-concierto-de-roger-waters","title":{"rendered":"El D\u00eda Que \u00abThe Wall\u00bb de Pink Floyd Reson\u00f3 en Berl\u00edn: Aniversario del Concierto de Roger Waters"},"content":{"rendered":"\n<p><strong>Berl\u00edn, 8 de junio de 1990<\/strong> \u2014 La m\u00fasica tiene el poder de trascender fronteras y unir a personas de distintas culturas, y pocos eventos en la historia del rock ejemplifican esta verdad tan contundentemente como el monumental concierto de Roger Waters en Berl\u00edn. Hoy, 8 de junio, recordamos uno de los momentos m\u00e1s emblem\u00e1ticos en la historia del rock y de la m\u00fasica en general: la interpretaci\u00f3n de \u00abThe Wall\u00bb en la Potsdamer Platz de Berl\u00edn.<\/p>\n\n\n\n<p>Hace 34 a\u00f1os, en el verano de 1990, la ca\u00edda del Muro de Berl\u00edn todav\u00eda era una cicatriz fresca en el paisaje europeo. El muro, que hab\u00eda dividido no solo una ciudad sino tambi\u00e9n ideolog\u00edas, familias y sue\u00f1os, se convirti\u00f3 en un s\u00edmbolo del fin de una era. En ese contexto hist\u00f3rico, Roger Waters, co-fundador de Pink Floyd, decidi\u00f3 llevar a cabo un evento que no solo era un concierto, sino un acto de sanaci\u00f3n y memoria colectiva.<\/p>\n\n\n\n<p>La obra \u00abThe Wall\u00bb, lanzada originalmente por Pink Floyd en 1979, es una \u00f3pera rock que narra la historia de \u00abPink\u00bb, un personaje atormentado por la guerra, el aislamiento y la alienaci\u00f3n. La met\u00e1fora del muro que Pink construye a su alrededor reson\u00f3 profundamente en un Berl\u00edn que comenzaba a sanar de d\u00e9cadas de divisi\u00f3n f\u00edsica y emocional.<\/p>\n\n\n\n<div class=\"wp-block-media-text has-media-on-the-right is-stacked-on-mobile\"><div class=\"wp-block-media-text__content\">\n<p><\/p>\n\n\n\n<p><\/p>\n\n\n\n<p>El 8 de junio de 1990, m\u00e1s de 300,000 personas se congregaron en la Potsdamer Platz, un terreno bald\u00edo que alguna vez fue una tierra de nadie entre Berl\u00edn Este y Berl\u00edn Oeste. Con la ayuda de m\u00e1s de 100 m\u00fasicos, incluyendo nombres tan importantes como Bryan Adams, Joni Mitchell, Scorpions y Cyndi Lauper, Waters recre\u00f3 \u00abThe Wall\u00bb en un escenario impresionante. La escenograf\u00eda inclu\u00eda un muro de 170 metros de largo y 25 metros de altura, que se constru\u00eda y destru\u00eda durante el espect\u00e1culo, simbolizando la ca\u00edda del verdadero muro que hab\u00eda dividido la ciudad.<\/p>\n\n\n\n<p>El evento fue transmitido en vivo a m\u00e1s de 50 pa\u00edses, llegando a millones de espectadores en todo el mundo. La interpretaci\u00f3n de \u00abAnother Brick in the Wall\u00bb, \u00abComfortably Numb\u00bb y \u00abRun Like Hell\u00bb no solo deleit\u00f3 a los fan\u00e1ticos de Pink Floyd, sino que tambi\u00e9n ofreci\u00f3 un momento de reflexi\u00f3n sobre la capacidad humana de superar barreras y encontrar unidad en medio de la adversidad.<\/p>\n<\/div><figure class=\"wp-block-media-text__media\"><img loading=\"lazy\" decoding=\"async\" width=\"721\" height=\"1024\" src=\"https:\/\/elrocanrosaurio.com\/notas\/wp-content\/uploads\/2024\/06\/waters-721x1024.jpg\" alt=\"\" class=\"wp-image-10 size-full\" srcset=\"https:\/\/elrocanrosaurio.com\/notas\/wp-content\/uploads\/2024\/06\/waters-721x1024.jpg 721w, https:\/\/elrocanrosaurio.com\/notas\/wp-content\/uploads\/2024\/06\/waters-211x300.jpg 211w, https:\/\/elrocanrosaurio.com\/notas\/wp-content\/uploads\/2024\/06\/waters.jpg 768w\" sizes=\"auto, (max-width: 721px) 100vw, 721px\" \/><\/figure><\/div>\n\n\n\n<p>El impacto del concierto fue m\u00e1s all\u00e1 de la m\u00fasica. Recaud\u00f3 fondos significativos para la Fundaci\u00f3n Memorial de los Ca\u00eddos de la Segunda Guerra Mundial y ayud\u00f3 a fortalecer el esp\u00edritu de una Europa que buscaba reconstruirse. Waters, quien en muchas ocasiones hab\u00eda sido cr\u00edtico del r\u00e9gimen comunista, vio en este concierto una oportunidad para celebrar la libertad y la reconciliaci\u00f3n.<\/p>\n\n\n\n<p>Hoy, mientras recordamos este evento hist\u00f3rico, no solo celebramos la m\u00fasica de Pink Floyd y la visi\u00f3n art\u00edstica de Roger Waters, sino tambi\u00e9n el poder de la m\u00fasica para sanar y unir. El concierto de \u00abThe Wall\u00bb en Berl\u00edn sigue siendo un testimonio de c\u00f3mo el arte puede capturar los momentos m\u00e1s cruciales de la humanidad y convertirlos en s\u00edmbolos perdurables de esperanza y renovaci\u00f3n.<\/p>\n\n\n\n<p>El 8 de junio se ha convertido en una fecha significativa para los amantes del rock y para todos aquellos que creen en el poder transformador de la m\u00fasica. A trav\u00e9s de eventos como el concierto de \u00abThe Wall\u00bb en Berl\u00edn, recordamos que, aunque los muros puedan levantarse, siempre existe la posibilidad de derribarlos y construir un futuro mejor, juntos.<\/p>\n","protected":false},"excerpt":{"rendered":"<p>Hace 34 a\u00f1os, en el verano de 1990, la ca\u00edda del Muro de Berl\u00edn todav\u00eda era una cicatriz fresca en el paisaje europeo. <\/p>\n","protected":false},"author":5,"featured_media":11,"comment_status":"closed","ping_status":"closed","sticky":false,"template":"","format":"standard","meta":{"footnotes":""},"categories":[2],"tags":[],"class_list":["post-9","post","type-post","status-publish","format-standard","has-post-thumbnail","hentry","category-articulos"],"_links":{"self":[{"href":"https:\/\/elrocanrosaurio.com\/notas\/wp-json\/wp\/v2\/posts\/9","targetHints":{"allow":["GET"]}}],"collection":[{"href":"https:\/\/elrocanrosaurio.com\/notas\/wp-json\/wp\/v2\/posts"}],"about":[{"href":"https:\/\/elrocanrosaurio.com\/notas\/wp-json\/wp\/v2\/types\/post"}],"author":[{"embeddable":true,"href":"https:\/\/elrocanrosaurio.com\/notas\/wp-json\/wp\/v2\/users\/5"}],"replies":[{"embeddable":true,"href":"https:\/\/elrocanrosaurio.com\/notas\/wp-json\/wp\/v2\/comments?post=9"}],"version-history":[{"count":1,"href":"https:\/\/elrocanrosaurio.com\/notas\/wp-json\/wp\/v2\/posts\/9\/revisions"}],"predecessor-version":[{"id":12,"href":"https:\/\/elrocanrosaurio.com\/notas\/wp-json\/wp\/v2\/posts\/9\/revisions\/12"}],"wp:featuredmedia":[{"embeddable":true,"href":"https:\/\/elrocanrosaurio.com\/notas\/wp-json\/wp\/v2\/media\/11"}],"wp:attachment":[{"href":"https:\/\/elrocanrosaurio.com\/notas\/wp-json\/wp\/v2\/media?parent=9"}],"wp:term":[{"taxonomy":"category","embeddable":true,"href":"https:\/\/elrocanrosaurio.com\/notas\/wp-json\/wp\/v2\/categories?post=9"},{"taxonomy":"post_tag","embeddable":true,"href":"https:\/\/elrocanrosaurio.com\/notas\/wp-json\/wp\/v2\/tags?post=9"}],"curies":[{"name":"wp","href":"https:\/\/api.w.org\/{rel}","templated":true}]}}